{"id":8629,"global_id":"blogbjc.bjc.ro?id=8629","global_id_lineage":["blogbjc.bjc.ro?id=8629"],"author":"3","status":"publish","date":"2026-03-02 13:26:11","date_utc":"2026-03-02 11:26:11","modified":"2026-03-02 13:26:11","modified_utc":"2026-03-02 11:26:11","url":"https:\/\/blogbjc.bjc.ro\/?tribe_events=club-de-invatare-a-limbii-romane-pentru-ucraineni-seria-2-79","rest_url":"https:\/\/blogbjc.bjc.ro\/index.php?rest_route=\/tribe\/events\/v1\/events\/8629","title":"Club de \u00eenv\u0103\u021bare a limbii rom\u00e2ne pentru ucraineni, seria 2","description":"<p data-wahfont=\"18\">Biblioteca Jude\u021bean\u0103 \u201eOctavian Goga\u201d Cluj reia, \u00eencep\u00e2nd cu luna martie 2026, seria \u00eent\u00e2lnirilor organizate \u00een cadrul\u00a0<em><strong>Clubului de \u00eenv\u0103\u021bare a limbii rom\u00e2ne pentru ucraineni<\/strong><\/em><strong>.\u00a0<\/strong>Acesta se adreseaz\u0103 refugia\u021bilor ucraineni adul\u021bi \u0219i \u00ee\u0219i propune s\u0103 ini\u021bieze participan\u021bii \u00een Bazele Limbii Rom\u00e2ne, nivel intermediar, pentru a se putea descurca zi de zi, pe parcursul \u0219ederii lor \u00een Rom\u00e2nia.<\/p>\n<p data-wahfont=\"18\">Informa\u021bii la: Sec\u021bia \u00eemprumut pentru adul\u021bi, telefon 0264 430434, e-mail:\u00a0<a href=\"mailto:adulti@bjc.ro\" data-wahfont=\"18\">adulti@bjc.ro<\/a><\/p>\n<p data-wahfont=\"18\">Mai multe informa\u021bii se g\u0103sesc \u00een\u00a0<strong><a href=\"https:\/\/blogbjc.bjc.ro\/wp-content\/uploads\/2023\/10\/Regulament_Club-inv-lb-rom-pt-ucraineni_oct-23.pdf\" data-type=\"attachment\" data-id=\"4051\" data-wahfont=\"18\">Regulament<\/a><\/strong>.<\/p>\n<p data-wahfont=\"18\"><strong>K\u043b\u0443\u0431 \u0438\u0437\u0443\u0447\u0435\u043d\u0438\u044f \u0440\u0443\u043c\u044b\u043d\u0441\u043a\u043e\u0433\u043e \u044f\u0437\u044b\u043a\u0430 \u0434\u043b\u044f \u0443\u043a\u0440\u0430\u0438\u043d\u0446\u0435\u0432<\/strong><\/p>\n<p data-wahfont=\"18\">\u0411\u0438\u0431\u043b\u0438\u043e\u0442\u0435\u043a\u0430\u00a0<em>\u041e\u043a\u0442\u0430\u0432\u0438\u0430\u043d \u0413\u043e\u0433\u0430<\/em>\u00a0\u041a\u043b\u0443\u0436 \u043d\u0430\u0447\u0438\u043d\u0430\u044f \u0441 \u0441\u0435\u043d\u0442\u044f\u0431\u0440\u044f, \u043f\u0440\u0435\u0434\u043b\u0430\u0433\u0430\u0435\u0442 \u043d\u043e\u0432\u0443\u044e \u0441\u0435\u0440\u0438\u044e \u0432\u0441\u0442\u0440\u0435\u0447 \u0432 \u043a\u0430\u0434\u0440\u0435 \u043a\u043b\u0443\u0431a \u0438\u0437\u0443\u0447\u0435\u043d\u0438\u044f \u0440\u0443\u043c\u044b\u043d\u0441\u043a\u043e\u0433\u043e \u044f\u0437\u044b\u043a\u0430 \u0434\u043b\u044f \u0443\u043a\u0440\u0430\u0438\u043d\u0441\u043a\u0438\u0445 \u0431\u0435\u0436\u0435\u043d\u0446\u0435\u0432.<\/p>\n<p data-wahfont=\"18\">\u041e\u043d \u0430\u0434\u0440\u0435\u0441\u043e\u0432\u0430\u043d \u0432\u0437\u0440\u043e\u0441\u043b\u044b\u043c \u0443\u043a\u0440\u0430\u0438\u043d\u0441\u043a\u0438\u043c \u0431\u0435\u0436\u0435\u043d\u0446\u0430\u043c \u043a\u043e\u0442\u043e\u0440\u044b\u0435 \u043f\u0440\u0438\u043d\u0438\u043c\u0430\u043b\u0438 \u0443\u0447\u0430\u0441\u0442\u0432\u0438\u0435 \u0432 \u043f\u0435\u0440\u0432\u043e\u043c \u043c\u043e\u0434\u0443\u043b\u0435 \u0432\u0441\u0442\u0440\u0435\u0447 \u0438 \u043d\u0430\u043f\u0440\u0430\u0432\u043b\u0435\u043d \u043d\u0430 \u043e\u0437\u043d\u0430\u043a\u043e\u043c\u043b\u0435\u043d\u0438\u0435 \u0441 \u043e\u0441\u043d\u043e\u0432\u0430\u043c\u0438 \u0440\u0443\u043c\u044b\u043d\u0441\u043a\u043e\u0433\u043e \u044f\u0437\u044b\u043a\u0430 \u043d\u0430 \u043d\u0430\u0447\u0430\u043b\u044c\u043d\u043e\u043c \u0443\u0440\u043e\u0432\u043d\u0435, \u0447\u0442\u043e\u0431\u044b \u043e\u043d\u0438 \u043c\u043e\u0433\u043b\u0438 \u0441\u043f\u0440\u0430\u0432\u043b\u044f\u0442\u044c\u0441\u044f \u0438\u0437\u043e \u0434\u043d\u044f \u0432 \u0434\u0435\u043d\u044c \u0432\u043e \u0432\u0440\u0435\u043c\u044f \u0438\u0445 \u043f\u0440\u0435\u0431\u044b\u0432\u0430\u043d\u0438\u044f \u0432 \u0420\u0443\u043c\u044b\u043d\u0438\u0438.<\/p>\n<p data-wahfont=\"18\">\u0411\u043e\u043b\u0435\u0435 \u043f\u043e\u0434\u0440\u043e\u0431\u043d\u0443\u044e \u0438\u043d\u0444\u043e\u0440\u043c\u0430\u0446\u0438\u044e \u043c\u043e\u0436\u043d\u043e \u043d\u0430\u0439\u0442\u0438 \u043f\u043e \u0442\u0435\u043b\u0435\u0444\u043e\u043d\u0443 0264 4304344, e-mail:\u00a0<a href=\"mailto:adulti@bjc.ro\" data-wahfont=\"18\">adulti@bjc.ro<\/a>\u00a0\u0438\u043b\u0438 \u0432<a href=\"https:\/\/blogbjc.bjc.ro\/wp-content\/uploads\/2023\/10\/Regulament_Club-inv-lb-rom-pt-ucraineni_oct-23.pdf\" data-type=\"attachment\" data-id=\"4051\" data-wahfont=\"18\">\u00a0<strong>\u0440\u0435\u0433\u043b\u0430\u043c\u0435\u043d\u0442\u0435<\/strong><\/a>!<\/p>","excerpt":"","slug":"club-de-invatare-a-limbii-romane-pentru-ucraineni-seria-2-79","image":{"url":"https:\/\/blogbjc.bjc.ro\/wp-content\/uploads\/2025\/12\/Afis-Curs-de-invatare-a-limbii-romane-1448x2048-1.jpg","id":8379,"extension":"jpg","width":1448,"height":2048,"filesize":161746,"sizes":{"medium":{"width":212,"height":300,"mime-type":"image\/jpeg","filesize":12405,"url":"https:\/\/blogbjc.bjc.ro\/wp-content\/uploads\/2025\/12\/Afis-Curs-de-invatare-a-limbii-romane-1448x2048-1-212x300.jpg"},"large":{"width":724,"height":1024,"mime-type":"image\/jpeg","filesize":66160,"url":"https:\/\/blogbjc.bjc.ro\/wp-content\/uploads\/2025\/12\/Afis-Curs-de-invatare-a-limbii-romane-1448x2048-1-724x1024.jpg"},"thumbnail":{"width":150,"height":150,"mime-type":"image\/jpeg","filesize":5344,"url":"https:\/\/blogbjc.bjc.ro\/wp-content\/uploads\/2025\/12\/Afis-Curs-de-invatare-a-limbii-romane-1448x2048-1-150x150.jpg"},"medium_large":{"width":768,"height":1086,"mime-type":"image\/jpeg","filesize":68485,"url":"https:\/\/blogbjc.bjc.ro\/wp-content\/uploads\/2025\/12\/Afis-Curs-de-invatare-a-limbii-romane-1448x2048-1-768x1086.jpg"},"1536x1536":{"width":1086,"height":1536,"mime-type":"image\/jpeg","filesize":109140,"url":"https:\/\/blogbjc.bjc.ro\/wp-content\/uploads\/2025\/12\/Afis-Curs-de-invatare-a-limbii-romane-1448x2048-1-1086x1536.jpg"},"xs-thumb":{"width":64,"height":64,"mime-type":"image\/jpeg","filesize":1731,"url":"https:\/\/blogbjc.bjc.ro\/wp-content\/uploads\/2025\/12\/Afis-Curs-de-invatare-a-limbii-romane-1448x2048-1-64x64.jpg"},"education-insight-featured-image":{"width":1448,"height":1200,"mime-type":"image\/jpeg","filesize":106420,"url":"https:\/\/blogbjc.bjc.ro\/wp-content\/uploads\/2025\/12\/Afis-Curs-de-invatare-a-limbii-romane-1448x2048-1-1448x1200.jpg"},"education-insight-thumbnail-avatar":{"width":100,"height":100,"mime-type":"image\/jpeg","filesize":3111,"url":"https:\/\/blogbjc.bjc.ro\/wp-content\/uploads\/2025\/12\/Afis-Curs-de-invatare-a-limbii-romane-1448x2048-1-100x100.jpg"}}},"all_day":false,"start_date":"2026-05-20 13:00:00","start_date_details":{"year":"2026","month":"05","day":"20","hour":"13","minutes":"00","seconds":"00"},"end_date":"2026-05-20 15:00:00","end_date_details":{"year":"2026","month":"05","day":"20","hour":"15","minutes":"00","seconds":"00"},"utc_start_date":"2026-05-20 10:00:00","utc_start_date_details":{"year":"2026","month":"05","day":"20","hour":"10","minutes":"00","seconds":"00"},"utc_end_date":"2026-05-20 12:00:00","utc_end_date_details":{"year":"2026","month":"05","day":"20","hour":"12","minutes":"00","seconds":"00"},"timezone":"Europe\/Bucharest","timezone_abbr":"EEST","cost":"","cost_details":{"currency_symbol":"","currency_code":"","currency_position":"prefix","values":[]},"website":"","show_map":true,"show_map_link":true,"hide_from_listings":false,"sticky":false,"featured":false,"categories":[{"name":"club","slug":"club","term_group":0,"term_taxonomy_id":48,"taxonomy":"tribe_events_cat","description":"","parent":0,"count":323,"filter":"raw","id":48,"urls":{"self":"https:\/\/blogbjc.bjc.ro\/index.php?rest_route=\/tribe\/events\/v1\/categories\/48","collection":"https:\/\/blogbjc.bjc.ro\/index.php?rest_route=\/tribe\/events\/v1\/categories"}}],"tags":[{"name":"club de invatare a limbii romane","slug":"club-de-invatare-a-limbii-romane","term_group":0,"term_taxonomy_id":364,"taxonomy":"post_tag","description":"","parent":0,"count":31,"filter":"raw","id":364,"urls":{"self":"https:\/\/blogbjc.bjc.ro\/index.php?rest_route=\/tribe\/events\/v1\/tags\/364","collection":"https:\/\/blogbjc.bjc.ro\/index.php?rest_route=\/tribe\/events\/v1\/tags"}},{"name":"limba rom\u00e2n\u0103 pentru ucraineni","slug":"limba-romana-pentru-ucraineni","term_group":0,"term_taxonomy_id":415,"taxonomy":"post_tag","description":"","parent":0,"count":48,"filter":"raw","id":415,"urls":{"self":"https:\/\/blogbjc.bjc.ro\/index.php?rest_route=\/tribe\/events\/v1\/tags\/415","collection":"https:\/\/blogbjc.bjc.ro\/index.php?rest_route=\/tribe\/events\/v1\/tags"}}],"venue":{"id":427,"author":"5","status":"publish","date":"2022-09-28 15:19:33","date_utc":"2022-09-28 15:19:33","modified":"2025-02-05 15:10:18","modified_utc":"2025-02-05 13:10:18","url":"https:\/\/blogbjc.bjc.ro\/?tribe_venue=biblioteca-judeteana-octavian-goga-cluj","venue":"Biblioteca Jude\u021bean\u0103 \u201eOctavian Goga\u201d Cluj, Sala de art\u0103, etaj 5 est (Calea Doroban\u021bilor nr. 104)","slug":"biblioteca-judeteana-octavian-goga-cluj","image":{"url":"https:\/\/blogbjc.bjc.ro\/wp-content\/uploads\/2022\/09\/afis-Grija-si-compasiunea-fata-de-sine_12_02_25_web.jpg","id":6754,"extension":"jpg","width":640,"height":452,"filesize":64058,"sizes":{"medium":{"width":300,"height":212,"mime-type":"image\/jpeg","filesize":11242,"url":"https:\/\/blogbjc.bjc.ro\/wp-content\/uploads\/2022\/09\/afis-Grija-si-compasiunea-fata-de-sine_12_02_25_web-300x212.jpg"},"thumbnail":{"width":150,"height":150,"mime-type":"image\/jpeg","filesize":5395,"url":"https:\/\/blogbjc.bjc.ro\/wp-content\/uploads\/2022\/09\/afis-Grija-si-compasiunea-fata-de-sine_12_02_25_web-150x150.jpg"},"xs-thumb":{"width":64,"height":64,"mime-type":"image\/jpeg","filesize":1834,"url":"https:\/\/blogbjc.bjc.ro\/wp-content\/uploads\/2022\/09\/afis-Grija-si-compasiunea-fata-de-sine_12_02_25_web-64x64.jpg"},"education-insight-thumbnail-avatar":{"width":100,"height":100,"mime-type":"image\/jpeg","filesize":3015,"url":"https:\/\/blogbjc.bjc.ro\/wp-content\/uploads\/2022\/09\/afis-Grija-si-compasiunea-fata-de-sine_12_02_25_web-100x100.jpg"}}},"address":"Calea Doroban\u021bilor nr. 104","city":"Cluj-Napoca","zip":"400609","phone":"264430323","website":"www.bjc.ro","json_ld":{"@type":"Place","name":"Biblioteca Jude\u021bean\u0103 \u201eOctavian Goga\u201d Cluj, Sala de art\u0103, etaj 5 est (Calea Doroban\u021bilor nr. 104)","description":"","image":"https:\/\/blogbjc.bjc.ro\/wp-content\/uploads\/2022\/09\/afis-Grija-si-compasiunea-fata-de-sine_12_02_25_web.jpg","url":"","address":{"@type":"PostalAddress","streetAddress":"Calea Doroban\u021bilor nr. 104","addressLocality":"Cluj-Napoca","postalCode":"400609"},"telephone":"264430323","sameAs":"www.bjc.ro"},"show_map":true,"show_map_link":true,"global_id":"blogbjc.bjc.ro?id=427","global_id_lineage":["blogbjc.bjc.ro?id=427"]},"organizer":[{"id":2118,"author":"2","status":"publish","date":"2022-12-11 22:52:09","date_utc":"2022-12-11 20:52:09","modified":"2022-12-11 22:52:09","modified_utc":"2022-12-11 20:52:09","url":"https:\/\/blogbjc.bjc.ro\/?tribe_organizer=sectia-imprumut-pentru-adulti-a-bibliotecii-judetene-octavian-goga-cluj","organizer":"Sec\u021bia \u00eemprumut pentru adul\u021bi a Bibliotecii Jude\u021bene \u201eOctavian Goga\u201d Cluj","slug":"sectia-imprumut-pentru-adulti-a-bibliotecii-judetene-octavian-goga-cluj","phone":"0264430434","website":"www.bjc.ro","json_ld":{"@type":"Person","name":"Sec\u021bia \u00eemprumut pentru adul\u021bi a Bibliotecii Jude\u021bene \u201eOctavian Goga\u201d Cluj","description":"","url":"http:\/\/www.bjc.ro","telephone":"0264430434","email":"","sameAs":"http:\/\/www.bjc.ro"},"global_id":"blogbjc.bjc.ro?id=2118","global_id_lineage":["blogbjc.bjc.ro?id=2118"]}],"custom_fields":[],"json_ld":{"@context":"http:\/\/schema.org","@type":"Event","name":"Club de \u00eenv\u0103\u021bare a limbii rom\u00e2ne pentru ucraineni, seria 2","description":"&lt;p&gt;Biblioteca Jude\u021bean\u0103 \u201eOctavian Goga\u201d Cluj reia, \u00eencep\u00e2nd cu luna martie 2026, seria \u00eent\u00e2lnirilor organizate \u00een cadrul\u00a0Clubului de \u00eenv\u0103\u021bare a limbii rom\u00e2ne pentru ucraineni.\u00a0Acesta se adreseaz\u0103 refugia\u021bilor ucraineni adul\u021bi \u0219i \u00ee\u0219i &hellip; &lt;\/p&gt;\\n&lt;div class=&quot;link-more&quot;&gt;&lt;a href=&quot;https:\/\/blogbjc.bjc.ro\/?tribe_events=club-de-invatare-a-limbii-romane-pentru-ucraineni-seria-2-79&quot; class=&quot;more-link&quot;&gt;Read More&lt;span class=&quot;screen-reader-text&quot;&gt; &quot;Club de \u00eenv\u0103\u021bare a limbii rom\u00e2ne pentru ucraineni, seria 2&quot;&lt;\/span&gt;&lt;\/a&gt;&lt;\/div&gt;\\n","image":"https:\/\/blogbjc.bjc.ro\/wp-content\/uploads\/2025\/12\/Afis-Curs-de-invatare-a-limbii-romane-1448x2048-1.jpg","url":"https:\/\/blogbjc.bjc.ro\/?tribe_events=club-de-invatare-a-limbii-romane-pentru-ucraineni-seria-2-79","eventAttendanceMode":"https:\/\/schema.org\/OfflineEventAttendanceMode","eventStatus":"https:\/\/schema.org\/EventScheduled","startDate":"2026-05-20T13:00:00+03:00","endDate":"2026-05-20T15:00:00+03:00","location":{"@type":"Place","name":"Biblioteca Jude\u021bean\u0103 \u201eOctavian Goga\u201d Cluj, Sala de art\u0103, etaj 5 est (Calea Doroban\u021bilor nr. 104)","description":"","image":"https:\/\/blogbjc.bjc.ro\/wp-content\/uploads\/2022\/09\/afis-Grija-si-compasiunea-fata-de-sine_12_02_25_web.jpg","url":"","address":{"@type":"PostalAddress","streetAddress":"Calea Doroban\u021bilor nr. 104","addressLocality":"Cluj-Napoca","postalCode":"400609"},"telephone":"264430323","sameAs":"www.bjc.ro"},"organizer":{"@type":"Person","name":"Sec\u021bia \u00eemprumut pentru adul\u021bi a Bibliotecii Jude\u021bene \u201eOctavian Goga\u201d Cluj","description":"","url":"http:\/\/www.bjc.ro","telephone":"0264430434","email":"","sameAs":"http:\/\/www.bjc.ro"},"performer":"Organization"}}