{"id":8658,"global_id":"blogbjc.bjc.ro?id=8658","global_id_lineage":["blogbjc.bjc.ro?id=8658"],"author":"2","status":"publish","date":"2026-03-06 10:19:28","date_utc":"2026-03-06 08:19:28","modified":"2026-03-06 10:19:28","modified_utc":"2026-03-06 08:19:28","url":"https:\/\/blogbjc.bjc.ro\/?tribe_events=batalia-cartilor-club-de-lectura-destinat-adultilor-sectiunea-in-limba-maghiara-3","rest_url":"https:\/\/blogbjc.bjc.ro\/index.php?rest_route=\/tribe\/events\/v1\/events\/8658","title":"\u201eB\u0103t\u0103lia C\u0103r\u021bilor\u201d &#8211; Club de lectur\u0103 destinat adul\u021bilor, sec\u021biunea \u00een limba maghiar\u0103","description":"<p lang=\"hu-HU\" align=\"justify\"><span style=\"color: #000000;\"><span style=\"font-size: medium;\">\u00dajraindul k\u00f6nyvbar\u00e1toknak a \u201eK\u00f6nyvek Viadala\u201d feln\u0151tteknek sz\u00f3l\u00f3 olvas\u00f3klub magyar nyelven!<\/span><\/span><\/p>\n<p align=\"justify\"><span style=\"color: #000000;\"><span style=\"font-size: medium;\"><span lang=\"hu-HU\">Id\u00e9n az els\u0151 tal\u00e1lkoz\u00e1sra 2026. m\u00e1rcius 25-\u00e9n, szerd\u00e1n ker\u00fcl sor 14.00 \u00f3r\u00e1t\u00f3l. Ahhoz, hogy az elolvas\u00e1sra aj\u00e1nlott m\u0171vekkel kapcsolatos olvasm\u00e1ny\u00e9lm\u00e9nyeket egym\u00e1ssal megoszthass\u00e1k \u00e9s azokat \u00e9rdemben k\u00f6z\u00f6sen \u00e1tbesz\u00e9lhess\u00e9k, a r\u00e9sztvev\u0151knek a tal\u00e1lkoz\u00f3ig legal\u00e1bb egyet el kell olvasniuk a k\u00f6vetkez\u0151 k\u00e9t k\u00f6nyv k\u00f6z\u00fcl: Kiss Tibor No\u00e9: Olvad\u00e1s \u00e9s Juli Zeh: \u00daj\u00e9v. <\/span><\/span><\/span><\/p>\n<p align=\"justify\"><span style=\"color: #000000;\"><span style=\"font-size: medium;\">A k\u00f6nyvek a Multikultur\u00e1lis r\u00e9szlegr\u0151l k\u00f6lcs\u00f6n\u00f6zhet\u0151k ki, a K\u00f6nyvt\u00e1r nyugati sz\u00e1rny\u00e1nak 3. emelet\u00e9n. <\/span><\/span><\/p>\n<p align=\"justify\"><span style=\"color: #000000;\"><span style=\"font-size: medium;\"><span lang=\"hu-HU\">Az olvas\u00f3klub, az idei k\u00f6nyvlist\u00e1n szerepl\u0151 10 m\u0171 elolvas\u00e1sa, valamint a havi rendszeress\u00e9g\u0171 \u00f6sszej\u00f6vetelek ir\u00e1nt \u00e9rdekl\u0151d\u0151k az al\u00e1bbi \u0171rlap kit\u00f6lt\u00e9s\u00e9vel <\/span><\/span><\/span><span style=\"color: #0563c1;\"><u><a href=\"https:\/\/docs.google.com\/forms\/d\/e\/1FAIpQLScU_wnTjttpZAlyascHTg2ud9KG0GK8UeIBTBR7I_zuFh8usA\/viewform?usp=preview\" target=\"_top\" rel=\"noopener\"><span style=\"font-size: medium;\"><span lang=\"hu-HU\">https:\/\/docs.google.com\/forms\/d\/e\/1FAIpQLScU_wnTjttpZAlyascHTg2ud9KG0GK8UeIBTBR7I_zuFh8usA\/viewform?usp=preview<\/span><\/span><\/a><\/u><\/span><span style=\"color: #000000;\"><span style=\"font-size: medium;\"><span lang=\"hu-HU\"> illetve a 0731 013293-as telefonsz\u00e1mon vagy a <\/span><\/span><\/span><a href=\"mailto:salamulticulturala@bjc.ro\" target=\"_top\" rel=\"noopener\"><span style=\"color: #0000ff;\"><span style=\"font-size: medium;\"><span lang=\"hu-HU\"><u>salamulticulturala@bjc.ro<\/u><\/span><\/span><\/span><\/a><span style=\"color: #000000;\"><span style=\"font-size: medium;\"><span lang=\"hu-HU\"> e-mail-c\u00edmen jelentkezhetnek.<\/span><\/span><\/span><\/p>\n<p lang=\"hu-HU\" align=\"justify\"><span style=\"color: #000000;\"><span style=\"font-size: medium;\">A tal\u00e1lkoz\u00e1sokra a K\u00f6nyvt\u00e1r Doroban\u021bilor u. 104. sz. alatti k\u00f6zponti \u00e9p\u00fclet\u00e9nek Multikultur\u00e1lis r\u00e9szleg\u00e9n, a nyugati sz\u00e1rny 3. emelet\u00e9n ker\u00fcl sor. <\/span><\/span><\/p>\n<p lang=\"hu-HU\" align=\"justify\"><span style=\"color: #000000;\"><span style=\"font-size: medium;\">Szeretettel v\u00e1rjuk!<\/span><\/span><\/p>\n<p lang=\"hu-HU\">&#8211;<\/p>\n<p align=\"justify\"><span style=\"font-size: medium;\"><span lang=\"hu-HU\">Relans\u0103m Clubul de lectur\u0103 \u201eB\u0103t\u0103lia C\u0103r\u021bilor\u201d destinat adul\u021bilor pasiona\u021bi de lectur\u0103, sec\u021biunea \u00een limba maghiar<\/span><\/span><span style=\"font-size: medium;\"><span lang=\"ro-RO\">\u0103<\/span><\/span><span style=\"font-size: medium;\"><span lang=\"hu-HU\">!<\/span><\/span><\/p>\n<p align=\"justify\"><span style=\"font-size: medium;\"><span lang=\"fr-FR\">Prima \u00eent\u00e2lnire, din acest an, a Clubului va avea loc <\/span><\/span><span style=\"font-size: medium;\"><span lang=\"fr-FR\"><b>miercuri, 25 martie 2026, de la ora 14.00<\/b><\/span><\/span><span style=\"font-size: medium;\"><span lang=\"fr-FR\">. Pentru aceast\u0103 \u00eent\u00e2lnire, participan\u021bii trebuie s\u0103 lectureze cel pu\u021bin una dintre urm\u0103toarele dou\u0103 c\u0103r\u021bi: \u201e<\/span><\/span><span style=\"font-size: medium;\"><span lang=\"hu-HU\">Olvad\u00e1s<\/span><\/span><span style=\"font-size: medium;\"><span lang=\"fr-FR\">\u201d de Kiss Tibor No\u00e9 \u0219i \u201e\u00daj\u00e9v\u201d de Juli Zeh, pentru a putea dezbate \u0219i \u00eemp\u0103r\u021b\u0103\u0219i impresiile de pe urma lecturii.<\/span><\/span><\/p>\n<p align=\"justify\"><span style=\"font-size: medium;\"><span lang=\"fr-FR\">C<\/span><\/span><span style=\"font-size: medium;\"><span lang=\"fr-FR\">\u0103<\/span><\/span><span style=\"font-size: medium;\"><span lang=\"fr-FR\">r<\/span><\/span><span style=\"font-size: medium;\"><span lang=\"fr-FR\">\u021bile<\/span><\/span><span style=\"font-size: medium;\"><span lang=\"fr-FR\"> se po<\/span><\/span><span style=\"font-size: medium;\"><span lang=\"fr-FR\">t<\/span><\/span><span style=\"font-size: medium;\"><span lang=\"fr-FR\"> \u00eemprumuta de la S<\/span><\/span><span style=\"font-size: medium;\"><span lang=\"fr-FR\">ala multicultural\u0103<\/span><\/span><span style=\"font-size: medium;\"><span lang=\"fr-FR\">, etajul 3 <\/span><\/span><span style=\"font-size: medium;\"><span lang=\"fr-FR\">v<\/span><\/span><span style=\"font-size: medium;\"><span lang=\"fr-FR\">est.<\/span><\/span><\/p>\n<p align=\"justify\"><span style=\"font-size: medium;\"><span lang=\"fr-FR\">Cei interesa\u021bi s\u0103 fac\u0103 parte din acest club, s\u0103 lectureze cele 10 c\u0103r\u021bi incluse \u00een lista din acest an \u0219i s\u0103 participe la dezbaterile lunare, sunt invita\u021bi s\u0103 se \u00eenscrie <a href=\"https:\/\/docs.google.com\/forms\/d\/e\/1FAIpQLScU_wnTjttpZAlyascHTg2ud9KG0GK8UeIBTBR7I_zuFh8usA\/viewform?usp=preview\">aici <\/a><\/span><\/span><span style=\"font-size: medium;\"><span lang=\"fr-FR\">sau prin telefon la: <\/span><\/span><span style=\"color: #000000;\"><span style=\"font-size: medium;\"><span lang=\"hu-HU\">0731 013293 <\/span><\/span><\/span><span style=\"font-size: medium;\"><span lang=\"fr-FR\">sau e-mail la: <\/span><\/span><a href=\"mailto:salamulticulturala@bjc.ro\" target=\"_top\" rel=\"noopener\"><span style=\"color: #000080;\"><span style=\"font-size: medium;\"><span lang=\"hu-HU\"><u>salamulticulturala@bjc.ro<\/u><\/span><\/span><\/span><\/a><span style=\"color: #0000ff;\"><span style=\"font-size: medium;\"><span lang=\"hu-HU\"><u>.<\/u><\/span><\/span><\/span><\/p>\n<p align=\"justify\"><span style=\"font-size: medium;\"><span lang=\"fr-FR\">Ne vom \u00eent\u00e2lni la sediul central al bibliotecii, Calea Doroban\u021bilor nr. 104, la Sala <\/span><\/span><span style=\"font-size: medium;\"><span lang=\"fr-FR\">multicultural\u0103<\/span><\/span><span style=\"font-size: medium;\"><span lang=\"fr-FR\">, etajul <\/span><\/span><span style=\"font-size: medium;\"><span lang=\"fr-FR\">3<\/span><\/span> <span style=\"font-size: medium;\"><span lang=\"fr-FR\">v<\/span><\/span><span style=\"font-size: medium;\"><span lang=\"fr-FR\">est.<\/span><\/span><\/p>","excerpt":"","slug":"batalia-cartilor-club-de-lectura-destinat-adultilor-sectiunea-in-limba-maghiara-3","image":{"url":"https:\/\/blogbjc.bjc.ro\/wp-content\/uploads\/2026\/03\/SM-Batalia-Cartilor-martie-2026-.jpg","id":8659,"extension":"jpg","width":1640,"height":924,"filesize":175334,"sizes":{"medium":{"width":300,"height":169,"mime-type":"image\/jpeg","filesize":14228,"url":"https:\/\/blogbjc.bjc.ro\/wp-content\/uploads\/2026\/03\/SM-Batalia-Cartilor-martie-2026--300x169.jpg"},"large":{"width":1024,"height":577,"mime-type":"image\/jpeg","filesize":89508,"url":"https:\/\/blogbjc.bjc.ro\/wp-content\/uploads\/2026\/03\/SM-Batalia-Cartilor-martie-2026--1024x577.jpg"},"thumbnail":{"width":150,"height":150,"mime-type":"image\/jpeg","filesize":7292,"url":"https:\/\/blogbjc.bjc.ro\/wp-content\/uploads\/2026\/03\/SM-Batalia-Cartilor-martie-2026--150x150.jpg"},"medium_large":{"width":768,"height":433,"mime-type":"image\/jpeg","filesize":61123,"url":"https:\/\/blogbjc.bjc.ro\/wp-content\/uploads\/2026\/03\/SM-Batalia-Cartilor-martie-2026--768x433.jpg"},"1536x1536":{"width":1536,"height":865,"mime-type":"image\/jpeg","filesize":155250,"url":"https:\/\/blogbjc.bjc.ro\/wp-content\/uploads\/2026\/03\/SM-Batalia-Cartilor-martie-2026--1536x865.jpg"},"xs-thumb":{"width":64,"height":64,"mime-type":"image\/jpeg","filesize":2101,"url":"https:\/\/blogbjc.bjc.ro\/wp-content\/uploads\/2026\/03\/SM-Batalia-Cartilor-martie-2026--64x64.jpg"},"education-insight-thumbnail-avatar":{"width":100,"height":100,"mime-type":"image\/jpeg","filesize":4108,"url":"https:\/\/blogbjc.bjc.ro\/wp-content\/uploads\/2026\/03\/SM-Batalia-Cartilor-martie-2026--100x100.jpg"}}},"all_day":false,"start_date":"2026-03-25 14:00:00","start_date_details":{"year":"2026","month":"03","day":"25","hour":"14","minutes":"00","seconds":"00"},"end_date":"2026-03-25 15:30:00","end_date_details":{"year":"2026","month":"03","day":"25","hour":"15","minutes":"30","seconds":"00"},"utc_start_date":"2026-03-25 12:00:00","utc_start_date_details":{"year":"2026","month":"03","day":"25","hour":"12","minutes":"00","seconds":"00"},"utc_end_date":"2026-03-25 13:30:00","utc_end_date_details":{"year":"2026","month":"03","day":"25","hour":"13","minutes":"30","seconds":"00"},"timezone":"Europe\/Bucharest","timezone_abbr":"EET","cost":"","cost_details":{"currency_symbol":"","currency_code":"","currency_position":"prefix","values":[]},"website":"","show_map":true,"show_map_link":true,"hide_from_listings":false,"sticky":false,"featured":false,"categories":[{"name":"club de lectur\u0103","slug":"club-de-lectura","term_group":0,"term_taxonomy_id":466,"taxonomy":"tribe_events_cat","description":"","parent":0,"count":21,"filter":"raw","id":466,"urls":{"self":"https:\/\/blogbjc.bjc.ro\/index.php?rest_route=\/tribe\/events\/v1\/categories\/466","collection":"https:\/\/blogbjc.bjc.ro\/index.php?rest_route=\/tribe\/events\/v1\/categories"}}],"tags":[],"venue":{"id":7492,"author":"2","status":"publish","date":"2025-05-16 10:44:46","date_utc":"2025-05-16 07:44:46","modified":"2025-05-16 10:44:46","modified_utc":"2025-05-16 07:44:46","url":"https:\/\/blogbjc.bjc.ro\/?tribe_venue=biblioteca-judeteana-octavian-goga-cluj-sala-multiculturala-etajul-3-vest-calea-dorobantilor-nr-104","venue":"Biblioteca Jude\u021bean\u0103 \u201eOctavian Goga\u201d Cluj, Sala multicultural\u0103, etajul 3 vest (Calea Doroban\u021bilor nr. 104)","slug":"biblioteca-judeteana-octavian-goga-cluj-sala-multiculturala-etajul-3-vest-calea-dorobantilor-nr-104","address":"Calea Doroban\u021bilor nr. 104","city":"Cluj-Napoca","country":"Rom\u00e2nia","province":"Cluj","zip":"400609","phone":"0264430323","website":"www.bjc.ro","stateprovince":"Cluj","json_ld":{"@type":"Place","name":"Biblioteca Jude\u021bean\u0103 \u201eOctavian Goga\u201d Cluj, Sala multicultural\u0103, etajul 3 vest (Calea Doroban\u021bilor nr. 104)","description":"","url":"","address":{"@type":"PostalAddress","streetAddress":"Calea Doroban\u021bilor nr. 104","addressLocality":"Cluj-Napoca","addressRegion":"Cluj","postalCode":"400609","addressCountry":"Rom\u00e2nia"},"telephone":"0264430323","sameAs":"www.bjc.ro"},"show_map":true,"show_map_link":true,"global_id":"blogbjc.bjc.ro?id=7492","global_id_lineage":["blogbjc.bjc.ro?id=7492"]},"organizer":[{"id":2015,"author":"2","status":"publish","date":"2022-12-05 18:35:50","date_utc":"2022-12-05 16:35:50","modified":"2022-12-05 18:35:50","modified_utc":"2022-12-05 16:35:50","url":"https:\/\/blogbjc.bjc.ro\/?tribe_organizer=sala-multiculturala-a-bibliotecii-judetene-octavian-goga-cluj","organizer":"Sala multicultural\u0103 a Bibliotecii Jude\u021bene \u201eOctavian Goga\u201d Cluj","slug":"sala-multiculturala-a-bibliotecii-judetene-octavian-goga-cluj","phone":"264430323","website":"www.bjc.ro","email":"salamulticulturala@bjc.ro","json_ld":{"@type":"Person","name":"Sala multicultural\u0103 a Bibliotecii Jude\u021bene \u201eOctavian Goga\u201d Cluj","description":"","url":"http:\/\/www.bjc.ro","telephone":"264430323","email":"&#115;al&#97;&#109;&#117;&#108;&#116;ic&#117;lt&#117;&#114;ala&#64;b&#106;c.ro","sameAs":"http:\/\/www.bjc.ro"},"global_id":"blogbjc.bjc.ro?id=2015","global_id_lineage":["blogbjc.bjc.ro?id=2015"]}],"custom_fields":[],"json_ld":{"@context":"http:\/\/schema.org","@type":"Event","name":"\u201eB\u0103t\u0103lia C\u0103r\u021bilor\u201d &#8211; Club de lectur\u0103 destinat adul\u021bilor, sec\u021biunea \u00een limba maghiar\u0103","description":"&lt;p&gt;\u00dajraindul k\u00f6nyvbar\u00e1toknak a \u201eK\u00f6nyvek Viadala\u201d feln\u0151tteknek sz\u00f3l\u00f3 olvas\u00f3klub magyar nyelven! Id\u00e9n az els\u0151 tal\u00e1lkoz\u00e1sra 2026. m\u00e1rcius 25-\u00e9n, szerd\u00e1n ker\u00fcl sor 14.00 \u00f3r\u00e1t\u00f3l. Ahhoz, hogy az elolvas\u00e1sra aj\u00e1nlott m\u0171vekkel kapcsolatos olvasm\u00e1ny\u00e9lm\u00e9nyeket &hellip; &lt;\/p&gt;\\n&lt;div class=&quot;link-more&quot;&gt;&lt;a href=&quot;https:\/\/blogbjc.bjc.ro\/?tribe_events=batalia-cartilor-club-de-lectura-destinat-adultilor-sectiunea-in-limba-maghiara-3&quot; class=&quot;more-link&quot;&gt;Read More&lt;span class=&quot;screen-reader-text&quot;&gt; &quot;\u201eB\u0103t\u0103lia C\u0103r\u021bilor\u201d &#8211; Club de lectur\u0103 destinat adul\u021bilor, sec\u021biunea \u00een limba maghiar\u0103&quot;&lt;\/span&gt;&lt;\/a&gt;&lt;\/div&gt;\\n","image":"https:\/\/blogbjc.bjc.ro\/wp-content\/uploads\/2026\/03\/SM-Batalia-Cartilor-martie-2026-.jpg","url":"https:\/\/blogbjc.bjc.ro\/?tribe_events=batalia-cartilor-club-de-lectura-destinat-adultilor-sectiunea-in-limba-maghiara-3","eventAttendanceMode":"https:\/\/schema.org\/OfflineEventAttendanceMode","eventStatus":"https:\/\/schema.org\/EventScheduled","startDate":"2026-03-25T14:00:00+02:00","endDate":"2026-03-25T15:30:00+02:00","location":{"@type":"Place","name":"Biblioteca Jude\u021bean\u0103 \u201eOctavian Goga\u201d Cluj, Sala multicultural\u0103, etajul 3 vest (Calea Doroban\u021bilor nr. 104)","description":"","url":"","address":{"@type":"PostalAddress","streetAddress":"Calea Doroban\u021bilor nr. 104","addressLocality":"Cluj-Napoca","addressRegion":"Cluj","postalCode":"400609","addressCountry":"Rom\u00e2nia"},"telephone":"0264430323","sameAs":"www.bjc.ro"},"organizer":{"@type":"Person","name":"Sala multicultural\u0103 a Bibliotecii Jude\u021bene \u201eOctavian Goga\u201d Cluj","description":"","url":"http:\/\/www.bjc.ro","telephone":"264430323","email":"&#115;a&#108;am&#117;lti&#99;&#117;&#108;&#116;&#117;r&#97;l&#97;&#64;&#98;jc&#46;&#114;o","sameAs":"http:\/\/www.bjc.ro"},"performer":"Organization"}}