{"id":8666,"global_id":"blogbjc.bjc.ro?id=8666","global_id_lineage":["blogbjc.bjc.ro?id=8666"],"author":"2","status":"publish","date":"2026-03-09 15:14:23","date_utc":"2026-03-09 13:14:23","modified":"2026-03-09 15:14:23","modified_utc":"2026-03-09 13:14:23","url":"https:\/\/blogbjc.bjc.ro\/?tribe_events=cobzarul-in-biblioteca-vocea-lui-taras-sevcenko-peste-secole","rest_url":"https:\/\/blogbjc.bjc.ro\/index.php?rest_route=\/tribe\/events\/v1\/events\/8666","title":"Cobzarul \u00een bibliotec\u0103 \u2013 vocea lui Taras \u0218evcenko peste secole","description":"<p>Biblioteca Jude\u021bean\u0103 \u201eOctavian Goga\u201d Cluj organizeaz\u0103 vineri, 20 martie 2026, de la ora 14:00, la Sala multicultural\u0103 (etajul 3 vest), evenimentul cultural \u201eCobzarul \u00een bibliotec\u0103 \u2013 vocea lui Taras \u0218evcenko peste secole\u201d.<\/p>\n<p>Manifestarea \u00ee\u0219i propune s\u0103 aduc\u0103 \u00een aten\u021bia publicului personalitatea \u0219i opera lui Taras \u0218evcenko, una dintre cele mai importante figuri ale culturii ucrainene. Poet, artist \u0219i g\u00e2nditor, \u0218evcenko a devenit un simbol al libert\u0103\u021bii, al identit\u0103\u021bii na\u021bionale \u0219i al rezisten\u021bei culturale, iar crea\u021bia sa continu\u0103 s\u0103 inspire genera\u021bii.<\/p>\n<p>Evenimentul va oferi participan\u021bilor prilejul de a descoperi universul literar \u0219i spiritual al autorului prin prezent\u0103ri, lecturi, muzic\u0103 \u00a0\u0219i momente dedicate tradi\u021biei culturale ucrainene.<\/p>\n<p>Activitatea face parte din proiectul LiBri \u0219i promoveaz\u0103 dialogul intercultural \u0219i aducerea \u00een prim-plan valori literare universale.<\/p>","excerpt":"","slug":"cobzarul-in-biblioteca-vocea-lui-taras-sevcenko-peste-secole","image":{"url":"https:\/\/blogbjc.bjc.ro\/wp-content\/uploads\/2026\/03\/Cobzarul-in-biblioteca.jpg","id":8667,"extension":"jpg","width":1587,"height":2245,"filesize":701902,"sizes":{"medium":{"width":212,"height":300,"mime-type":"image\/jpeg","filesize":25646,"url":"https:\/\/blogbjc.bjc.ro\/wp-content\/uploads\/2026\/03\/Cobzarul-in-biblioteca-212x300.jpg"},"large":{"width":724,"height":1024,"mime-type":"image\/jpeg","filesize":212112,"url":"https:\/\/blogbjc.bjc.ro\/wp-content\/uploads\/2026\/03\/Cobzarul-in-biblioteca-724x1024.jpg"},"thumbnail":{"width":150,"height":150,"mime-type":"image\/jpeg","filesize":9540,"url":"https:\/\/blogbjc.bjc.ro\/wp-content\/uploads\/2026\/03\/Cobzarul-in-biblioteca-150x150.jpg"},"medium_large":{"width":768,"height":1086,"mime-type":"image\/jpeg","filesize":232881,"url":"https:\/\/blogbjc.bjc.ro\/wp-content\/uploads\/2026\/03\/Cobzarul-in-biblioteca-768x1086.jpg"},"1536x1536":{"width":1086,"height":1536,"mime-type":"image\/jpeg","filesize":399686,"url":"https:\/\/blogbjc.bjc.ro\/wp-content\/uploads\/2026\/03\/Cobzarul-in-biblioteca-1086x1536.jpg"},"2048x2048":{"width":1448,"height":2048,"mime-type":"image\/jpeg","filesize":608610,"url":"https:\/\/blogbjc.bjc.ro\/wp-content\/uploads\/2026\/03\/Cobzarul-in-biblioteca-1448x2048.jpg"},"xs-thumb":{"width":64,"height":64,"mime-type":"image\/jpeg","filesize":2469,"url":"https:\/\/blogbjc.bjc.ro\/wp-content\/uploads\/2026\/03\/Cobzarul-in-biblioteca-64x64.jpg"},"education-insight-featured-image":{"width":1587,"height":1200,"mime-type":"image\/jpeg","filesize":376045,"url":"https:\/\/blogbjc.bjc.ro\/wp-content\/uploads\/2026\/03\/Cobzarul-in-biblioteca-1587x1200.jpg"},"education-insight-thumbnail-avatar":{"width":100,"height":100,"mime-type":"image\/jpeg","filesize":5034,"url":"https:\/\/blogbjc.bjc.ro\/wp-content\/uploads\/2026\/03\/Cobzarul-in-biblioteca-100x100.jpg"}}},"all_day":false,"start_date":"2026-03-20 14:00:00","start_date_details":{"year":"2026","month":"03","day":"20","hour":"14","minutes":"00","seconds":"00"},"end_date":"2026-03-20 15:30:00","end_date_details":{"year":"2026","month":"03","day":"20","hour":"15","minutes":"30","seconds":"00"},"utc_start_date":"2026-03-20 12:00:00","utc_start_date_details":{"year":"2026","month":"03","day":"20","hour":"12","minutes":"00","seconds":"00"},"utc_end_date":"2026-03-20 13:30:00","utc_end_date_details":{"year":"2026","month":"03","day":"20","hour":"13","minutes":"30","seconds":"00"},"timezone":"Europe\/Bucharest","timezone_abbr":"EET","cost":"","cost_details":{"currency_symbol":"","currency_code":"","currency_position":"prefix","values":[]},"website":"","show_map":true,"show_map_link":true,"hide_from_listings":false,"sticky":false,"featured":false,"categories":[{"name":"eveniment cultural","slug":"eveniment-cultural","term_group":0,"term_taxonomy_id":485,"taxonomy":"tribe_events_cat","description":"","parent":0,"count":8,"filter":"raw","id":485,"urls":{"self":"https:\/\/blogbjc.bjc.ro\/index.php?rest_route=\/tribe\/events\/v1\/categories\/485","collection":"https:\/\/blogbjc.bjc.ro\/index.php?rest_route=\/tribe\/events\/v1\/categories"}}],"tags":[{"name":"refugia\u021bi ucraineni","slug":"refugiati-ucraineni","term_group":0,"term_taxonomy_id":414,"taxonomy":"post_tag","description":"","parent":0,"count":16,"filter":"raw","id":414,"urls":{"self":"https:\/\/blogbjc.bjc.ro\/index.php?rest_route=\/tribe\/events\/v1\/tags\/414","collection":"https:\/\/blogbjc.bjc.ro\/index.php?rest_route=\/tribe\/events\/v1\/tags"}}],"venue":{"id":7492,"author":"2","status":"publish","date":"2025-05-16 10:44:46","date_utc":"2025-05-16 07:44:46","modified":"2025-05-16 10:44:46","modified_utc":"2025-05-16 07:44:46","url":"https:\/\/blogbjc.bjc.ro\/?tribe_venue=biblioteca-judeteana-octavian-goga-cluj-sala-multiculturala-etajul-3-vest-calea-dorobantilor-nr-104","venue":"Biblioteca Jude\u021bean\u0103 \u201eOctavian Goga\u201d Cluj, Sala multicultural\u0103, etajul 3 vest (Calea Doroban\u021bilor nr. 104)","slug":"biblioteca-judeteana-octavian-goga-cluj-sala-multiculturala-etajul-3-vest-calea-dorobantilor-nr-104","address":"Calea Doroban\u021bilor nr. 104","city":"Cluj-Napoca","country":"Rom\u00e2nia","province":"Cluj","zip":"400609","phone":"0264430323","website":"www.bjc.ro","stateprovince":"Cluj","json_ld":{"@type":"Place","name":"Biblioteca Jude\u021bean\u0103 \u201eOctavian Goga\u201d Cluj, Sala multicultural\u0103, etajul 3 vest (Calea Doroban\u021bilor nr. 104)","description":"","url":"","address":{"@type":"PostalAddress","streetAddress":"Calea Doroban\u021bilor nr. 104","addressLocality":"Cluj-Napoca","addressRegion":"Cluj","postalCode":"400609","addressCountry":"Rom\u00e2nia"},"telephone":"0264430323","sameAs":"www.bjc.ro"},"show_map":true,"show_map_link":true,"global_id":"blogbjc.bjc.ro?id=7492","global_id_lineage":["blogbjc.bjc.ro?id=7492"]},"organizer":[{"id":2015,"author":"2","status":"publish","date":"2022-12-05 18:35:50","date_utc":"2022-12-05 16:35:50","modified":"2022-12-05 18:35:50","modified_utc":"2022-12-05 16:35:50","url":"https:\/\/blogbjc.bjc.ro\/?tribe_organizer=sala-multiculturala-a-bibliotecii-judetene-octavian-goga-cluj","organizer":"Sala multicultural\u0103 a Bibliotecii Jude\u021bene \u201eOctavian Goga\u201d Cluj","slug":"sala-multiculturala-a-bibliotecii-judetene-octavian-goga-cluj","phone":"264430323","website":"www.bjc.ro","email":"salamulticulturala@bjc.ro","json_ld":{"@type":"Person","name":"Sala multicultural\u0103 a Bibliotecii Jude\u021bene \u201eOctavian Goga\u201d Cluj","description":"","url":"http:\/\/www.bjc.ro","telephone":"264430323","email":"&#115;&#97;&#108;&#97;&#109;&#117;lt&#105;&#99;&#117;ltur&#97;la&#64;bj&#99;.r&#111;","sameAs":"http:\/\/www.bjc.ro"},"global_id":"blogbjc.bjc.ro?id=2015","global_id_lineage":["blogbjc.bjc.ro?id=2015"]}],"custom_fields":[],"json_ld":{"@context":"http:\/\/schema.org","@type":"Event","name":"Cobzarul \u00een bibliotec\u0103 \u2013 vocea lui Taras \u0218evcenko peste secole","description":"&lt;p&gt;Biblioteca Jude\u021bean\u0103 \u201eOctavian Goga\u201d Cluj organizeaz\u0103 vineri, 20 martie 2026, de la ora 14:00, la Sala multicultural\u0103 (etajul 3 vest), evenimentul cultural \u201eCobzarul \u00een bibliotec\u0103 \u2013 vocea lui Taras \u0218evcenko &hellip; &lt;\/p&gt;\\n&lt;div class=&quot;link-more&quot;&gt;&lt;a href=&quot;https:\/\/blogbjc.bjc.ro\/?tribe_events=cobzarul-in-biblioteca-vocea-lui-taras-sevcenko-peste-secole&quot; class=&quot;more-link&quot;&gt;Read More&lt;span class=&quot;screen-reader-text&quot;&gt; &quot;Cobzarul \u00een bibliotec\u0103 \u2013 vocea lui Taras \u0218evcenko peste secole&quot;&lt;\/span&gt;&lt;\/a&gt;&lt;\/div&gt;\\n","image":"https:\/\/blogbjc.bjc.ro\/wp-content\/uploads\/2026\/03\/Cobzarul-in-biblioteca.jpg","url":"https:\/\/blogbjc.bjc.ro\/?tribe_events=cobzarul-in-biblioteca-vocea-lui-taras-sevcenko-peste-secole","eventAttendanceMode":"https:\/\/schema.org\/OfflineEventAttendanceMode","eventStatus":"https:\/\/schema.org\/EventScheduled","startDate":"2026-03-20T14:00:00+02:00","endDate":"2026-03-20T15:30:00+02:00","location":{"@type":"Place","name":"Biblioteca Jude\u021bean\u0103 \u201eOctavian Goga\u201d Cluj, Sala multicultural\u0103, etajul 3 vest (Calea Doroban\u021bilor nr. 104)","description":"","url":"","address":{"@type":"PostalAddress","streetAddress":"Calea Doroban\u021bilor nr. 104","addressLocality":"Cluj-Napoca","addressRegion":"Cluj","postalCode":"400609","addressCountry":"Rom\u00e2nia"},"telephone":"0264430323","sameAs":"www.bjc.ro"},"organizer":{"@type":"Person","name":"Sala multicultural\u0103 a Bibliotecii Jude\u021bene \u201eOctavian Goga\u201d Cluj","description":"","url":"http:\/\/www.bjc.ro","telephone":"264430323","email":"sal&#97;&#109;ul&#116;&#105;&#99;ultu&#114;&#97;&#108;a&#64;&#98;j&#99;&#46;&#114;o","sameAs":"http:\/\/www.bjc.ro"},"performer":"Organization"}}