{"id":8898,"global_id":"blogbjc.bjc.ro?id=8898","global_id_lineage":["blogbjc.bjc.ro?id=8898"],"author":"2","status":"publish","date":"2026-04-23 15:24:36","date_utc":"2026-04-23 12:24:36","modified":"2026-04-23 15:24:36","modified_utc":"2026-04-23 12:24:36","url":"https:\/\/blogbjc.bjc.ro\/?tribe_events=ritmuri-coreene-cu-janggu","rest_url":"https:\/\/blogbjc.bjc.ro\/index.php?rest_route=\/tribe\/events\/v1\/events\/8898","title":"Ritmuri coreene cu janggu","description":"<p>Cultura coreean\u0103 fascineaz\u0103 tot mai mult publicul din \u00eentreaga lume &#8211; de la muzic\u0103 \u0219i film p\u00e2n\u0103 la tradi\u021bii pline de rafinament. V\u0103 invit\u0103m s\u0103 o descoperi\u021bi \u00een mod autentic, dincolo de tendin\u021be, prin 4 ateliere practice de ritm \u0219i coordonare, inspirate din muzica tradi\u021bional\u0103 coreean\u0103, desf\u0103\u0219urate s\u0103pt\u0103m\u00e2nal, pe parcursul lunii mai.<\/p>\n<p>Instrumentul Janggu, cu sonorit\u0103\u021bile sale specifice, devine puntea c\u0103tre o cultur\u0103 \u00een care ritmul \u00eenseamn\u0103 armonie, disciplin\u0103 \u0219i energie.<\/p>\n<p>Atelierele sunt dedicate adolescen\u021bilor \u0219i adul\u021bilor care doresc s\u0103 exploreze cultura coreean\u0103 \u00eentr-o manier\u0103 activ\u0103 \u0219i creativ\u0103, f\u0103r\u0103 a fi necesar\u0103 experien\u021b\u0103 muzical\u0103.<\/p>\n<p>Prima \u00eent\u00e2lnire: 5 mai, grupa I: ora 18:00- 18:50, grupa II: 19:00-19:50<\/p>\n<p>Locul: Sediul central, Sala de art\u0103, etajul 5, est<\/p>\n<p>Participarea este gratuit\u0103, pe baza Permisului de intrare la bibliotec\u0103, \u00een limita locurilor disponibile.<\/p>\n<p>Pentru \u00eenscriere, scana\u021bi QR codul de pe afi\u0219 sau accesa\u021bi linkul: <a href=\"https:\/\/docs.google.com\/forms\/d\/1Mv4xpz-atJBY6C-dk5kcWb0T-CTjCN5erU5xJ_xXCkU\/edit\">https:\/\/docs.google.com\/forms\/d\/1Mv4xpz-atJBY6C-dk5kcWb0T-CTjCN5erU5xJ_xXCkU\/edit<\/a><\/p>","excerpt":"","slug":"ritmuri-coreene-cu-janggu","image":{"url":"https:\/\/blogbjc.bjc.ro\/wp-content\/uploads\/2026\/04\/Ritmuri-coreene.jpg","id":8896,"extension":"jpg","width":1587,"height":2245,"filesize":439834,"sizes":{"medium":{"width":212,"height":300,"mime-type":"image\/jpeg","filesize":22909,"url":"https:\/\/blogbjc.bjc.ro\/wp-content\/uploads\/2026\/04\/Ritmuri-coreene-212x300.jpg"},"large":{"width":724,"height":1024,"mime-type":"image\/jpeg","filesize":146918,"url":"https:\/\/blogbjc.bjc.ro\/wp-content\/uploads\/2026\/04\/Ritmuri-coreene-724x1024.jpg"},"thumbnail":{"width":150,"height":150,"mime-type":"image\/jpeg","filesize":9545,"url":"https:\/\/blogbjc.bjc.ro\/wp-content\/uploads\/2026\/04\/Ritmuri-coreene-150x150.jpg"},"medium_large":{"width":768,"height":1086,"mime-type":"image\/jpeg","filesize":159884,"url":"https:\/\/blogbjc.bjc.ro\/wp-content\/uploads\/2026\/04\/Ritmuri-coreene-768x1086.jpg"},"1536x1536":{"width":1086,"height":1536,"mime-type":"image\/jpeg","filesize":256267,"url":"https:\/\/blogbjc.bjc.ro\/wp-content\/uploads\/2026\/04\/Ritmuri-coreene-1086x1536.jpg"},"2048x2048":{"width":1448,"height":2048,"mime-type":"image\/jpeg","filesize":375668,"url":"https:\/\/blogbjc.bjc.ro\/wp-content\/uploads\/2026\/04\/Ritmuri-coreene-1448x2048.jpg"},"xs-thumb":{"width":64,"height":64,"mime-type":"image\/jpeg","filesize":2345,"url":"https:\/\/blogbjc.bjc.ro\/wp-content\/uploads\/2026\/04\/Ritmuri-coreene-64x64.jpg"},"education-insight-featured-image":{"width":1587,"height":1200,"mime-type":"image\/jpeg","filesize":235195,"url":"https:\/\/blogbjc.bjc.ro\/wp-content\/uploads\/2026\/04\/Ritmuri-coreene-1587x1200.jpg"},"education-insight-thumbnail-avatar":{"width":100,"height":100,"mime-type":"image\/jpeg","filesize":4900,"url":"https:\/\/blogbjc.bjc.ro\/wp-content\/uploads\/2026\/04\/Ritmuri-coreene-100x100.jpg"}}},"all_day":false,"start_date":"2026-05-05 18:00:00","start_date_details":{"year":"2026","month":"05","day":"05","hour":"18","minutes":"00","seconds":"00"},"end_date":"2026-05-05 19:50:00","end_date_details":{"year":"2026","month":"05","day":"05","hour":"19","minutes":"50","seconds":"00"},"utc_start_date":"2026-05-05 15:00:00","utc_start_date_details":{"year":"2026","month":"05","day":"05","hour":"15","minutes":"00","seconds":"00"},"utc_end_date":"2026-05-05 16:50:00","utc_end_date_details":{"year":"2026","month":"05","day":"05","hour":"16","minutes":"50","seconds":"00"},"timezone":"Europe\/Bucharest","timezone_abbr":"EEST","cost":"","cost_details":{"currency_symbol":"$","currency_code":"USD","currency_position":"prefix","values":[]},"website":"","show_map":true,"show_map_link":true,"hide_from_listings":false,"sticky":false,"featured":false,"categories":[{"name":"atelier","slug":"atelier","term_group":0,"term_taxonomy_id":71,"taxonomy":"tribe_events_cat","description":"","parent":0,"count":43,"filter":"raw","id":71,"urls":{"self":"https:\/\/blogbjc.bjc.ro\/index.php?rest_route=\/tribe\/events\/v1\/categories\/71","collection":"https:\/\/blogbjc.bjc.ro\/index.php?rest_route=\/tribe\/events\/v1\/categories"}}],"tags":[{"name":"Coreea","slug":"coreea","term_group":0,"term_taxonomy_id":666,"taxonomy":"post_tag","description":"","parent":0,"count":2,"filter":"raw","id":666,"urls":{"self":"https:\/\/blogbjc.bjc.ro\/index.php?rest_route=\/tribe\/events\/v1\/tags\/666","collection":"https:\/\/blogbjc.bjc.ro\/index.php?rest_route=\/tribe\/events\/v1\/tags"}},{"name":"muzic\u0103","slug":"muzica","term_group":0,"term_taxonomy_id":68,"taxonomy":"post_tag","description":"","parent":0,"count":6,"filter":"raw","id":68,"urls":{"self":"https:\/\/blogbjc.bjc.ro\/index.php?rest_route=\/tribe\/events\/v1\/tags\/68","collection":"https:\/\/blogbjc.bjc.ro\/index.php?rest_route=\/tribe\/events\/v1\/tags"}}],"venue":{"id":427,"author":"5","status":"publish","date":"2022-09-28 15:19:33","date_utc":"2022-09-28 15:19:33","modified":"2025-02-05 15:10:18","modified_utc":"2025-02-05 13:10:18","url":"https:\/\/blogbjc.bjc.ro\/?tribe_venue=biblioteca-judeteana-octavian-goga-cluj","venue":"Biblioteca Jude\u021bean\u0103 \u201eOctavian Goga\u201d Cluj, Sala de art\u0103, etaj 5 est (Calea Doroban\u021bilor nr. 104)","slug":"biblioteca-judeteana-octavian-goga-cluj","image":{"url":"https:\/\/blogbjc.bjc.ro\/wp-content\/uploads\/2022\/09\/afis-Grija-si-compasiunea-fata-de-sine_12_02_25_web.jpg","id":6754,"extension":"jpg","width":640,"height":452,"filesize":64058,"sizes":{"medium":{"width":300,"height":212,"mime-type":"image\/jpeg","filesize":11242,"url":"https:\/\/blogbjc.bjc.ro\/wp-content\/uploads\/2022\/09\/afis-Grija-si-compasiunea-fata-de-sine_12_02_25_web-300x212.jpg"},"thumbnail":{"width":150,"height":150,"mime-type":"image\/jpeg","filesize":5395,"url":"https:\/\/blogbjc.bjc.ro\/wp-content\/uploads\/2022\/09\/afis-Grija-si-compasiunea-fata-de-sine_12_02_25_web-150x150.jpg"},"xs-thumb":{"width":64,"height":64,"mime-type":"image\/jpeg","filesize":1834,"url":"https:\/\/blogbjc.bjc.ro\/wp-content\/uploads\/2022\/09\/afis-Grija-si-compasiunea-fata-de-sine_12_02_25_web-64x64.jpg"},"education-insight-thumbnail-avatar":{"width":100,"height":100,"mime-type":"image\/jpeg","filesize":3015,"url":"https:\/\/blogbjc.bjc.ro\/wp-content\/uploads\/2022\/09\/afis-Grija-si-compasiunea-fata-de-sine_12_02_25_web-100x100.jpg"}}},"address":"Calea Doroban\u021bilor nr. 104","city":"Cluj-Napoca","zip":"400609","phone":"264430323","website":"www.bjc.ro","json_ld":{"@type":"Place","name":"Biblioteca Jude\u021bean\u0103 \u201eOctavian Goga\u201d Cluj, Sala de art\u0103, etaj 5 est (Calea Doroban\u021bilor nr. 104)","description":"","image":"https:\/\/blogbjc.bjc.ro\/wp-content\/uploads\/2022\/09\/afis-Grija-si-compasiunea-fata-de-sine_12_02_25_web.jpg","url":"","address":{"@type":"PostalAddress","streetAddress":"Calea Doroban\u021bilor nr. 104","addressLocality":"Cluj-Napoca","postalCode":"400609"},"telephone":"264430323","sameAs":"www.bjc.ro"},"show_map":true,"show_map_link":true,"global_id":"blogbjc.bjc.ro?id=427","global_id_lineage":["blogbjc.bjc.ro?id=427"]},"organizer":[{"id":5404,"author":"2","status":"publish","date":"2024-07-10 08:51:39","date_utc":"2024-07-10 05:51:39","modified":"2024-08-27 08:18:55","modified_utc":"2024-08-27 05:18:55","url":"https:\/\/blogbjc.bjc.ro\/?tribe_organizer=sectia-imprumut-pentru-adulti-si-arta","organizer":"Sec\u021bia de \u00eemprumut pentru adul\u021bi \u0219i art\u0103","slug":"sectia-imprumut-pentru-adulti-si-arta","json_ld":{"@type":"Person","name":"Sec\u021bia de \u00eemprumut pentru adul\u021bi \u0219i art\u0103","description":"","url":"","telephone":"","email":"","sameAs":""},"global_id":"blogbjc.bjc.ro?id=5404","global_id_lineage":["blogbjc.bjc.ro?id=5404"]}],"custom_fields":[],"json_ld":{"@context":"http:\/\/schema.org","@type":"Event","name":"Ritmuri coreene cu janggu","description":"&lt;p&gt;Cultura coreean\u0103 fascineaz\u0103 tot mai mult publicul din \u00eentreaga lume - de la muzic\u0103 \u0219i film p\u00e2n\u0103 la tradi\u021bii pline de rafinament. V\u0103 invit\u0103m s\u0103 o descoperi\u021bi \u00een mod autentic, &hellip; &lt;\/p&gt;\\n&lt;div class=&quot;link-more&quot;&gt;&lt;a href=&quot;https:\/\/blogbjc.bjc.ro\/?tribe_events=ritmuri-coreene-cu-janggu&quot; class=&quot;more-link&quot;&gt;Read More&lt;span class=&quot;screen-reader-text&quot;&gt; &quot;Ritmuri coreene cu janggu&quot;&lt;\/span&gt;&lt;\/a&gt;&lt;\/div&gt;\\n","image":"https:\/\/blogbjc.bjc.ro\/wp-content\/uploads\/2026\/04\/Ritmuri-coreene.jpg","url":"https:\/\/blogbjc.bjc.ro\/?tribe_events=ritmuri-coreene-cu-janggu","eventAttendanceMode":"https:\/\/schema.org\/OfflineEventAttendanceMode","eventStatus":"https:\/\/schema.org\/EventScheduled","startDate":"2026-05-05T18:00:00+03:00","endDate":"2026-05-05T19:50:00+03:00","location":{"@type":"Place","name":"Biblioteca Jude\u021bean\u0103 \u201eOctavian Goga\u201d Cluj, Sala de art\u0103, etaj 5 est (Calea Doroban\u021bilor nr. 104)","description":"","image":"https:\/\/blogbjc.bjc.ro\/wp-content\/uploads\/2022\/09\/afis-Grija-si-compasiunea-fata-de-sine_12_02_25_web.jpg","url":"","address":{"@type":"PostalAddress","streetAddress":"Calea Doroban\u021bilor nr. 104","addressLocality":"Cluj-Napoca","postalCode":"400609"},"telephone":"264430323","sameAs":"www.bjc.ro"},"organizer":{"@type":"Person","name":"Sec\u021bia de \u00eemprumut pentru adul\u021bi \u0219i art\u0103","description":"","url":"","telephone":"","email":"","sameAs":""},"performer":"Organization"}}