{"id":8578,"date":"2026-03-03T08:00:00","date_gmt":"2026-03-03T06:00:00","guid":{"rendered":"https:\/\/blogbjc.bjc.ro\/?p=8578"},"modified":"2026-02-25T12:22:37","modified_gmt":"2026-02-25T10:22:37","slug":"3-martie-ziua-mondiala-a-scriitorului","status":"publish","type":"post","link":"https:\/\/blogbjc.bjc.ro\/?p=8578","title":{"rendered":"3 Martie &#8211; Ziua Mondial\u0103 a Scriitorului"},"content":{"rendered":"\n<p>Ce&nbsp;au&nbsp;\u00een&nbsp;comun&nbsp;Nicolae&nbsp;Steinhardt,&nbsp;Lewis&nbsp;Carroll&nbsp;\u0219i&nbsp;Marcel&nbsp;Proust?<\/p>\n\n\n\n<p>Au&nbsp;fost,&nbsp;la&nbsp;un&nbsp;moment&nbsp;dat,&nbsp;bibliotecari.<\/p>\n\n\n\n<p>De Ziua Mondial\u0103 a Scriitorilor, v\u0103 propunem o incursiune printre pove\u0219ti, rafturi \u0219i destine literare.<br>Poate c\u0103 inspira\u021bia \u00eencepe exact acolo unde o c\u0103ut\u0103m cel mai des: \u00eentr-o bibliotec\u0103.<\/p>\n\n\n\n<figure class=\"wp-block-embed is-type-video is-provider-youtube wp-block-embed-youtube wp-embed-aspect-16-9 wp-has-aspect-ratio\"><div class=\"wp-block-embed__wrapper\">\n<iframe loading=\"lazy\" title=\"3 Martie - Ziua Mondial\u0103 a Scriitorului\" width=\"525\" height=\"295\" src=\"https:\/\/www.youtube.com\/embed\/85j7S0zwKGk?feature=oembed\" frameborder=\"0\" allow=\"accelerometer; autoplay; clipboard-write; encrypted-media; gyroscope; picture-in-picture; web-share\" referrerpolicy=\"strict-origin-when-cross-origin\" allowfullscreen><\/iframe>\n<\/div><\/figure>\n","protected":false},"excerpt":{"rendered":"<p>Ce&nbsp;au&nbsp;\u00een&nbsp;comun&nbsp;Nicolae&nbsp;Steinhardt,&nbsp;Lewis&nbsp;Carroll&nbsp;\u0219i&nbsp;Marcel&nbsp;Proust? Au&nbsp;fost,&nbsp;la&nbsp;un&nbsp;moment&nbsp;dat,&nbsp;bibliotecari. De Ziua Mondial\u0103 a Scriitorilor, v\u0103 propunem o incursiune printre pove\u0219ti, rafturi \u0219i destine literare.Poate c\u0103 inspira\u021bia \u00eencepe exact acolo unde o c\u0103ut\u0103m cel mai des: \u00eentr-o bibliotec\u0103.<\/p>\n","protected":false},"author":3,"featured_media":8579,"comment_status":"closed","ping_status":"open","sticky":false,"template":"","format":"standard","meta":{"footnotes":""},"categories":[9],"tags":[192,623],"class_list":["post-8578","post","type-post","status-publish","format-standard","has-post-thumbnail","hentry","category-expozitii-virtuale","tag-biblioteca","tag-scriitori"],"_links":{"self":[{"href":"https:\/\/blogbjc.bjc.ro\/index.php?rest_route=\/wp\/v2\/posts\/8578","targetHints":{"allow":["GET"]}}],"collection":[{"href":"https:\/\/blogbjc.bjc.ro\/index.php?rest_route=\/wp\/v2\/posts"}],"about":[{"href":"https:\/\/blogbjc.bjc.ro\/index.php?rest_route=\/wp\/v2\/types\/post"}],"author":[{"embeddable":true,"href":"https:\/\/blogbjc.bjc.ro\/index.php?rest_route=\/wp\/v2\/users\/3"}],"replies":[{"embeddable":true,"href":"https:\/\/blogbjc.bjc.ro\/index.php?rest_route=%2Fwp%2Fv2%2Fcomments&post=8578"}],"version-history":[{"count":1,"href":"https:\/\/blogbjc.bjc.ro\/index.php?rest_route=\/wp\/v2\/posts\/8578\/revisions"}],"predecessor-version":[{"id":8580,"href":"https:\/\/blogbjc.bjc.ro\/index.php?rest_route=\/wp\/v2\/posts\/8578\/revisions\/8580"}],"wp:featuredmedia":[{"embeddable":true,"href":"https:\/\/blogbjc.bjc.ro\/index.php?rest_route=\/wp\/v2\/media\/8579"}],"wp:attachment":[{"href":"https:\/\/blogbjc.bjc.ro\/index.php?rest_route=%2Fwp%2Fv2%2Fmedia&parent=8578"}],"wp:term":[{"taxonomy":"category","embeddable":true,"href":"https:\/\/blogbjc.bjc.ro\/index.php?rest_route=%2Fwp%2Fv2%2Fcategories&post=8578"},{"taxonomy":"post_tag","embeddable":true,"href":"https:\/\/blogbjc.bjc.ro\/index.php?rest_route=%2Fwp%2Fv2%2Ftags&post=8578"}],"curies":[{"name":"wp","href":"https:\/\/api.w.org\/{rel}","templated":true}]}}