{"id":8644,"date":"2026-03-03T14:37:09","date_gmt":"2026-03-03T12:37:09","guid":{"rendered":"https:\/\/blogbjc.bjc.ro\/?p=8644"},"modified":"2026-03-03T14:37:39","modified_gmt":"2026-03-03T12:37:39","slug":"rubrica-radio-cluj-ce-mai-citim-recomandarea-bibliotecarului-26","status":"publish","type":"post","link":"https:\/\/blogbjc.bjc.ro\/?p=8644","title":{"rendered":"Rubrica Radio Cluj \u201eCe mai citim? Recomandarea bibliotecarului\u201d"},"content":{"rendered":"\n<p>V\u0103 invit\u0103m s\u0103 asculta\u021bi la Biblioteca Radio:\u00a0<a href=\"https:\/\/www.bibliotecaradio.ro\/\">\u00a0https:\/\/www.bibliotecaradio.ro\/\u00a0<\/a>o nou\u0103 recomandare de lectur\u0103 realizat\u0103 \u00een colaborare cu Radio Cluj pentru\u00a0rubrica \u201eCe mai citim? \u2013 Recomandarea bibliotecarului\u201d.<\/p>\n\n\n\n<p>Ast\u0103zi v\u0103 propun un volum de proz\u0103 scurt\u0103 care exploreaz\u0103 cu mult\u0103 fine\u021be fragilit\u0103\u021bile vie\u021bii contemporane \u2013&nbsp;<em>\u201eCe v\u0103d p\u0103s\u0103rile\u201d<\/em>&nbsp;de Iulia Gherasim, ap\u0103rut \u00een 2024 la Editura Polirom, \u00een colec\u021bia Ego. Proz\u0103.<\/p>\n\n\n\n<p>Drumul autoarei c\u0103tre literatur\u0103 nu a fost unul direct. Iulia Gherasim a absolvit studii economice \u0219i juridice, \u00eens\u0103 pasiunea pentru scris a determinat-o s\u0103 urmeze cursuri de scriere creativ\u0103, unde i-a avut mentori pe Florin Iaru \u0219i Marius Chivu. \u00cenainte de debut, a publicat proze \u00een reviste literare \u0219i antologii, iar acest volum marcheaz\u0103 intrarea sa \u00een literatura contemporan\u0103 cu o voce surprinz\u0103tor de sigur\u0103.<\/p>\n","protected":false},"excerpt":{"rendered":"<p>V\u0103 invit\u0103m s\u0103 asculta\u021bi la Biblioteca Radio:\u00a0\u00a0https:\/\/www.bibliotecaradio.ro\/\u00a0o nou\u0103 recomandare de lectur\u0103 realizat\u0103 \u00een colaborare cu Radio Cluj pentru\u00a0rubrica \u201eCe mai citim? \u2013 Recomandarea bibliotecarului\u201d. Ast\u0103zi v\u0103 propun un volum de &hellip; <\/p>\n<div class=\"link-more\"><a href=\"https:\/\/blogbjc.bjc.ro\/?p=8644\" class=\"more-link\">Read More<span class=\"screen-reader-text\"> &#8222;Rubrica Radio Cluj \u201eCe mai citim? Recomandarea bibliotecarului\u201d&#8221;<\/span><\/a><\/div>\n","protected":false},"author":3,"featured_media":8645,"comment_status":"closed","ping_status":"open","sticky":false,"template":"","format":"standard","meta":{"footnotes":""},"categories":[247],"tags":[628,163,269],"class_list":["post-8644","post","type-post","status-publish","format-standard","has-post-thumbnail","hentry","category-recomandari-de-lectura-din-literatura-romana","tag-iulia-gherasim","tag-literatura-romana-3","tag-literatura-romana-contemporana-2"],"_links":{"self":[{"href":"https:\/\/blogbjc.bjc.ro\/index.php?rest_route=\/wp\/v2\/posts\/8644","targetHints":{"allow":["GET"]}}],"collection":[{"href":"https:\/\/blogbjc.bjc.ro\/index.php?rest_route=\/wp\/v2\/posts"}],"about":[{"href":"https:\/\/blogbjc.bjc.ro\/index.php?rest_route=\/wp\/v2\/types\/post"}],"author":[{"embeddable":true,"href":"https:\/\/blogbjc.bjc.ro\/index.php?rest_route=\/wp\/v2\/users\/3"}],"replies":[{"embeddable":true,"href":"https:\/\/blogbjc.bjc.ro\/index.php?rest_route=%2Fwp%2Fv2%2Fcomments&post=8644"}],"version-history":[{"count":1,"href":"https:\/\/blogbjc.bjc.ro\/index.php?rest_route=\/wp\/v2\/posts\/8644\/revisions"}],"predecessor-version":[{"id":8646,"href":"https:\/\/blogbjc.bjc.ro\/index.php?rest_route=\/wp\/v2\/posts\/8644\/revisions\/8646"}],"wp:featuredmedia":[{"embeddable":true,"href":"https:\/\/blogbjc.bjc.ro\/index.php?rest_route=\/wp\/v2\/media\/8645"}],"wp:attachment":[{"href":"https:\/\/blogbjc.bjc.ro\/index.php?rest_route=%2Fwp%2Fv2%2Fmedia&parent=8644"}],"wp:term":[{"taxonomy":"category","embeddable":true,"href":"https:\/\/blogbjc.bjc.ro\/index.php?rest_route=%2Fwp%2Fv2%2Fcategories&post=8644"},{"taxonomy":"post_tag","embeddable":true,"href":"https:\/\/blogbjc.bjc.ro\/index.php?rest_route=%2Fwp%2Fv2%2Ftags&post=8644"}],"curies":[{"name":"wp","href":"https:\/\/api.w.org\/{rel}","templated":true}]}}